{"id":1523,"date":"2024-08-15T21:24:48","date_gmt":"2024-08-15T19:24:48","guid":{"rendered":"http:\/\/ighum.de\/wordpress\/?p=1523"},"modified":"2024-08-19T13:30:53","modified_gmt":"2024-08-19T11:30:53","slug":"ausbilderin-sabine-simon","status":"publish","type":"post","link":"http:\/\/ighum.de\/wordpress\/ausbilderin-sabine-simon\/","title":{"rendered":"Ausbilderin: Sabine Simon"},"content":{"rendered":"<table class=\" aligncenter\" style=\"width: 450px; border-collapse: collapse;\" border=\"0\" cellspacing=\"0\" cellpadding=\"1\">\n<tbody>\n<tr>\n<td style=\"width: 33.3333%;\"><img decoding=\"async\" loading=\"lazy\" class=\"aligncenter wp-image-1524 size-full\" src=\"http:\/\/ighum.de\/wordpress\/wp-content\/uploads\/2024\/08\/ausb_sabine01.png\" alt=\"\" width=\"150\" height=\"120\"><\/td>\n<td style=\"width: 33.3333%;\"><img decoding=\"async\" loading=\"lazy\" class=\"aligncenter wp-image-1535 size-full\" src=\"http:\/\/ighum.de\/wordpress\/wp-content\/uploads\/2024\/08\/ausb_sabine07.png\" alt=\"\" width=\"150\" height=\"120\"><\/td>\n<td style=\"width: 33.3333%;\"><img decoding=\"async\" loading=\"lazy\" class=\"aligncenter wp-image-1526 size-full\" src=\"http:\/\/ighum.de\/wordpress\/wp-content\/uploads\/2024\/08\/ausb_sabine03.png\" alt=\"\" width=\"150\" height=\"120\"><\/td>\n<\/tr>\n<\/tbody>\n<\/table>\n<p style=\"text-align: center;\"><em>&#8222;Hunde k\u00f6nnen zwar nicht sprechen, aber sie k\u00f6nnen deine Gef\u00fchle lesen.&#8220;<\/em><\/p>\n<p>&nbsp;<\/p>\n<p style=\"text-align: center;\">F\u00fcr eine harmonische Beziehung ist es wichtig, die K\u00f6rpersprache seines Hundes zu verstehen.<\/p>\n<h3 style=\"text-align: center;\">Sabine Simon<\/h3>\n<p style=\"text-align: center;\">Fortgeschrittenengruppe<br \/>\nOrientierungsgruppe<br \/>\nFormationsgruppe<br \/>\nBegleithundeausbildung<\/p>\n<p style=\"text-align: left;\">Schon als Kind wollte ich einen Hund haben. Mein Traum ging in Erf\u00fcllung mit einer Sch\u00e4ferh\u00fcndin namens &#8222;Anka&#8220;, als ich etwa 10 Jahre alt war. Mit ihr machte ich die Schutzhundeausbildung, denn damals gab es noch keine anderen Ausbildungsm\u00f6glichkeiten in den Vereinen.<\/p>\n<p style=\"text-align: left;\">Viel sp\u00e4ter kam &#8222;Roza&#8220;, eine H\u00fcndin aus dem Tierschutz. Obwohl sie sehr \u00e4ngstlich war, hat sie mir ihr Vertrauen geschenkt und mir besonders in schwierigen Zeiten zur Seite gestanden. <em>&#8222;Hunde geben dir den Schl\u00fcssel zu ihrer Seele&#8220;<\/em>.<\/p>\n<p style=\"text-align: left;\">Und dann kam 2016 &#8222;Lila&#8220; direkt aus Griechenland zu uns. Im Oktober 2017 bin ich mit ihr in den Verein IG Hund und Mensch eingetreten. Seit der Begleithundeausbildung im Jahr 2018 unterst\u00fctze ich B\u00e4rbel in der Fortgeschrittenengruppe.<\/p>\n<p style=\"text-align: left;\">Nayeli, unsere zweite H\u00fcndin, kam 2019 zu uns und wie erwartet ist sie das komplette Gegenteil von Lila. Bei ihrer Begleithundeausbildung 2020 musste ich feststellen, dass Konsequenz bei der Erziehung sehr wichtig ist.<\/p>\n<p style=\"text-align: left;\">Mein Einstieg als Trainerin begann mit der Welpen- und Junghundegruppe, danach wechselte ich zur Orientierungsgruppe. Seit einigen Jahren schon bin ich im Trainerteam der Begleithundeausbildung, die mir besonders am Herzen liegt.<\/p>\n<table class=\" aligncenter\" style=\"width: 450px; border-collapse: collapse;\" border=\"0\" cellspacing=\"0\" cellpadding=\"1\">\n<tbody>\n<tr>\n<td style=\"width: 33.3333%;\"><img decoding=\"async\" loading=\"lazy\" class=\"aligncenter wp-image-1527 size-full\" src=\"http:\/\/ighum.de\/wordpress\/wp-content\/uploads\/2024\/08\/ausb_sabine04.png\" alt=\"\" width=\"150\" height=\"120\"><\/td>\n<td style=\"width: 33.3333%;\"><img decoding=\"async\" loading=\"lazy\" class=\"aligncenter wp-image-1528 size-full\" src=\"http:\/\/ighum.de\/wordpress\/wp-content\/uploads\/2024\/08\/ausb_sabine05.png\" alt=\"\" width=\"150\" height=\"120\"><\/td>\n<td style=\"width: 33.3333%;\"><img decoding=\"async\" loading=\"lazy\" class=\"aligncenter wp-image-1529 size-full\" src=\"http:\/\/ighum.de\/wordpress\/wp-content\/uploads\/2024\/08\/ausb_sabine06.png\" alt=\"\" width=\"150\" height=\"120\"><\/td>\n<\/tr>\n<\/tbody>\n<\/table>\n<p style=\"text-align: left;\" align=\"center\"><a title=\"Ausbilder\" href=\"http:\/\/ighum.de\/wordpress\/der-verein\/uber-uns\/ausbilder\/\"><img decoding=\"async\" loading=\"lazy\" class=\" alignleft\" src=\"http:\/\/ighum.de\/wordpress\/wp-content\/uploads\/2013\/08\/pfote.png\" alt=\"\" width=\"25\" height=\"25\"><strong>Zur\u00fcck!<\/strong><\/a><\/p>\n","protected":false},"excerpt":{"rendered":"<p>&#8222;Hunde k\u00f6nnen zwar nicht sprechen, aber sie k\u00f6nnen deine Gef\u00fchle lesen.&#8220; &nbsp; F\u00fcr eine harmonische Beziehung ist es wichtig, die K\u00f6rpersprache seines Hundes zu verstehen. Sabine Simon Fortgeschrittenengruppe Orientierungsgruppe Formationsgruppe Begleithundeausbildung Schon als Kind wollte ich einen Hund haben. Mein Traum ging in Erf\u00fcllung mit einer Sch\u00e4ferh\u00fcndin namens &#8222;Anka&#8220;, als ich etwa 10 Jahre alt war. Mit ihr machte ich die Schutzhundeausbildung, denn damals gab es noch keine anderen Ausbildungsm\u00f6glichkeiten in den Vereinen. Viel sp\u00e4ter kam &#8222;Roza&#8220;, eine H\u00fcndin aus dem Tierschutz. Obwohl sie sehr \u00e4ngstlich war, hat sie mir ihr Vertrauen geschenkt und mir besonders in schwierigen Zeiten zur Seite gestanden. &#8222;Hunde geben dir den Schl\u00fcssel zu ihrer Seele&#8220;. Und dann kam 2016 &#8222;Lila&#8220; direkt aus Griechenland zu uns. Im Oktober 2017 bin ich mit ihr in den Verein IG Hund und Mensch eingetreten. Seit der Begleithundeausbildung im Jahr 2018 unterst\u00fctze ich B\u00e4rbel in der Fortgeschrittenengruppe. Nayeli, unsere zweite H\u00fcndin, kam 2019 zu uns und wie erwartet ist sie das komplette Gegenteil von Lila. Bei ihrer Begleithundeausbildung 2020 musste ich feststellen, dass Konsequenz bei der Erziehung sehr wichtig ist. Mein Einstieg als Trainerin begann mit der Welpen- und Junghundegruppe, danach wechselte ich zur Orientierungsgruppe. Seit einigen Jahren schon bin ich im Trainerteam der Begleithundeausbildung, die mir besonders am Herzen liegt. Zur\u00fcck!<\/p>\n","protected":false},"author":10,"featured_media":0,"comment_status":"closed","ping_status":"closed","sticky":false,"template":"","format":"standard","meta":{"ngg_post_thumbnail":0,"_links_to":"","_links_to_target":""},"categories":[28],"tags":[],"_links":{"self":[{"href":"http:\/\/ighum.de\/wordpress\/wp-json\/wp\/v2\/posts\/1523"}],"collection":[{"href":"http:\/\/ighum.de\/wordpress\/wp-json\/wp\/v2\/posts"}],"about":[{"href":"http:\/\/ighum.de\/wordpress\/wp-json\/wp\/v2\/types\/post"}],"author":[{"embeddable":true,"href":"http:\/\/ighum.de\/wordpress\/wp-json\/wp\/v2\/users\/10"}],"replies":[{"embeddable":true,"href":"http:\/\/ighum.de\/wordpress\/wp-json\/wp\/v2\/comments?post=1523"}],"version-history":[{"count":4,"href":"http:\/\/ighum.de\/wordpress\/wp-json\/wp\/v2\/posts\/1523\/revisions"}],"predecessor-version":[{"id":1536,"href":"http:\/\/ighum.de\/wordpress\/wp-json\/wp\/v2\/posts\/1523\/revisions\/1536"}],"wp:attachment":[{"href":"http:\/\/ighum.de\/wordpress\/wp-json\/wp\/v2\/media?parent=1523"}],"wp:term":[{"taxonomy":"category","embeddable":true,"href":"http:\/\/ighum.de\/wordpress\/wp-json\/wp\/v2\/categories?post=1523"},{"taxonomy":"post_tag","embeddable":true,"href":"http:\/\/ighum.de\/wordpress\/wp-json\/wp\/v2\/tags?post=1523"}],"curies":[{"name":"wp","href":"https:\/\/api.w.org\/{rel}","templated":true}]}}